{"id":2927,"date":"2015-08-14T09:12:19","date_gmt":"2015-08-14T09:12:19","guid":{"rendered":"https:\/\/agullovilaro.es\/en\/salud-de-hoy-verano-2015-ya-esta-aqui\/"},"modified":"2015-10-27T16:24:57","modified_gmt":"2015-10-27T16:24:57","slug":"salud-de-hoy-verano-2015-ya-esta-aqui","status":"publish","type":"post","link":"https:\/\/www.agullovilaro.es\/en\/salud-de-hoy-verano-2015-ya-esta-aqui\/","title":{"rendered":"TODAY\u2019S HEALTH, SUMMER OF 2015, IT\u2019S ALREADY HERE!"},"content":{"rendered":"<p>As we do every quarter, the Team of the Agull\u00f3 y Vilar\u00f3 Dental Clinic wants to offer you a free sample of the magazine \u201cTODAY\u2019S HEALTH\u201d (<em>SALUD DE HOY<\/em>), where you can read information about topics as varied as nutrition facts, gastronomy, psychology, culture and leisure.<\/p>\n<p>Click <strong><a href=\"https:\/\/www.agullovilaro.es\/wp-content\/uploads\/2015\/10\/SaludDeHoyPorVerano_agulloyvilaro.pdf\" target=\"_blank\">here<\/a><\/strong> to download it on your device.<\/p>\n","protected":false},"excerpt":{"rendered":"<p>As we do every quarter, the Team of the Agull\u00f3 y Vilar\u00f3 Dental Clinic wants to offer you a free sample of the magazine \u201cTODAY\u2019S HEALTH\u201d (SALUD DE HOY), where&#8230;<\/p>\n","protected":false},"author":7,"featured_media":2665,"comment_status":"closed","ping_status":"closed","sticky":false,"template":"","format":"standard","meta":{"footnotes":""},"categories":[58],"tags":[59],"class_list":{"0":"post-2927","1":"post","2":"type-post","3":"status-publish","4":"format-standard","5":"has-post-thumbnail","7":"category-blog-en","8":"tag-clinica-dental-en"},"yoast_head":"<!-- This site is optimized with the Yoast SEO plugin v26.6 - https:\/\/yoast.com\/wordpress\/plugins\/seo\/ -->\n<title>TODAY\u2019S HEALTH, SUMMER OF 2015, IT\u2019S ALREADY HERE!<\/title>\n<meta name=\"description\" content=\"TODAY\u2019S HEALTH, SUMMER OF 2015, IT\u2019S ALREADY HERE!\" \/>\n<meta name=\"robots\" content=\"index, follow, max-snippet:-1, max-image-preview:large, max-video-preview:-1\" \/>\n<link rel=\"canonical\" href=\"https:\/\/www.agullovilaro.es\/en\/salud-de-hoy-verano-2015-ya-esta-aqui\/\" \/>\n<meta property=\"og:locale\" content=\"en_US\" \/>\n<meta property=\"og:type\" content=\"article\" \/>\n<meta property=\"og:title\" content=\"TODAY\u2019S HEALTH, SUMMER OF 2015, IT\u2019S ALREADY HERE!\" \/>\n<meta property=\"og:description\" content=\"TODAY\u2019S HEALTH, SUMMER OF 2015, IT\u2019S ALREADY HERE!\" \/>\n<meta property=\"og:url\" content=\"https:\/\/www.agullovilaro.es\/en\/salud-de-hoy-verano-2015-ya-esta-aqui\/\" \/>\n<meta property=\"og:site_name\" content=\"Cl\u00ednica Odontol\u00f3gica Agull\u00f3 y Vilar\u00f3\" \/>\n<meta property=\"article:published_time\" content=\"2015-08-14T09:12:19+00:00\" \/>\n<meta property=\"article:modified_time\" content=\"2015-10-27T16:24:57+00:00\" \/>\n<meta property=\"og:image\" content=\"https:\/\/www.agullovilaro.es\/wp-content\/uploads\/2015\/08\/Salud-de-hoy-clinica-dental-agullo-y-vilaro.jpg\" \/>\n\t<meta property=\"og:image:width\" content=\"623\" \/>\n\t<meta property=\"og:image:height\" content=\"830\" \/>\n\t<meta property=\"og:image:type\" content=\"image\/jpeg\" \/>\n<meta name=\"author\" content=\"Luis Costa Ferrer\" \/>\n<meta name=\"twitter:card\" content=\"summary_large_image\" \/>\n<meta name=\"twitter:label1\" content=\"Written by\" \/>\n\t<meta name=\"twitter:data1\" content=\"Luis Costa Ferrer\" \/>\n<script type=\"application\/ld+json\" class=\"yoast-schema-graph\">{\"@context\":\"https:\/\/schema.org\",\"@graph\":[{\"@type\":\"WebPage\",\"@id\":\"https:\/\/www.agullovilaro.es\/en\/salud-de-hoy-verano-2015-ya-esta-aqui\/\",\"url\":\"https:\/\/www.agullovilaro.es\/en\/salud-de-hoy-verano-2015-ya-esta-aqui\/\",\"name\":\"TODAY\u2019S HEALTH, SUMMER OF 2015, IT\u2019S ALREADY HERE!\",\"isPartOf\":{\"@id\":\"https:\/\/www.agullovilaro.es\/#website\"},\"primaryImageOfPage\":{\"@id\":\"https:\/\/www.agullovilaro.es\/en\/salud-de-hoy-verano-2015-ya-esta-aqui\/#primaryimage\"},\"image\":{\"@id\":\"https:\/\/www.agullovilaro.es\/en\/salud-de-hoy-verano-2015-ya-esta-aqui\/#primaryimage\"},\"thumbnailUrl\":\"https:\/\/www.agullovilaro.es\/wp-content\/uploads\/2015\/08\/Salud-de-hoy-clinica-dental-agullo-y-vilaro.jpg\",\"datePublished\":\"2015-08-14T09:12:19+00:00\",\"dateModified\":\"2015-10-27T16:24:57+00:00\",\"author\":{\"@id\":\"https:\/\/www.agullovilaro.es\/#\/schema\/person\/0a7e6c9030a27b1258e4f12cb80b6c7c\"},\"description\":\"TODAY\u2019S HEALTH, SUMMER OF 2015, IT\u2019S ALREADY HERE!\",\"breadcrumb\":{\"@id\":\"https:\/\/www.agullovilaro.es\/en\/salud-de-hoy-verano-2015-ya-esta-aqui\/#breadcrumb\"},\"inLanguage\":\"en-US\",\"potentialAction\":[{\"@type\":\"ReadAction\",\"target\":[\"https:\/\/www.agullovilaro.es\/en\/salud-de-hoy-verano-2015-ya-esta-aqui\/\"]}]},{\"@type\":\"ImageObject\",\"inLanguage\":\"en-US\",\"@id\":\"https:\/\/www.agullovilaro.es\/en\/salud-de-hoy-verano-2015-ya-esta-aqui\/#primaryimage\",\"url\":\"https:\/\/www.agullovilaro.es\/wp-content\/uploads\/2015\/08\/Salud-de-hoy-clinica-dental-agullo-y-vilaro.jpg\",\"contentUrl\":\"https:\/\/www.agullovilaro.es\/wp-content\/uploads\/2015\/08\/Salud-de-hoy-clinica-dental-agullo-y-vilaro.jpg\",\"width\":623,\"height\":830},{\"@type\":\"BreadcrumbList\",\"@id\":\"https:\/\/www.agullovilaro.es\/en\/salud-de-hoy-verano-2015-ya-esta-aqui\/#breadcrumb\",\"itemListElement\":[{\"@type\":\"ListItem\",\"position\":1,\"name\":\"Portada\",\"item\":\"https:\/\/www.agullovilaro.es\/en\/\"},{\"@type\":\"ListItem\",\"position\":2,\"name\":\"TODAY\u2019S HEALTH, SUMMER OF 2015, IT\u2019S ALREADY HERE!\"}]},{\"@type\":\"WebSite\",\"@id\":\"https:\/\/www.agullovilaro.es\/#website\",\"url\":\"https:\/\/www.agullovilaro.es\/\",\"name\":\"Cl\u00ednica Odontol\u00f3gica Agull\u00f3 y Vilar\u00f3\",\"description\":\"\",\"potentialAction\":[{\"@type\":\"SearchAction\",\"target\":{\"@type\":\"EntryPoint\",\"urlTemplate\":\"https:\/\/www.agullovilaro.es\/?s={search_term_string}\"},\"query-input\":{\"@type\":\"PropertyValueSpecification\",\"valueRequired\":true,\"valueName\":\"search_term_string\"}}],\"inLanguage\":\"en-US\"},{\"@type\":\"Person\",\"@id\":\"https:\/\/www.agullovilaro.es\/#\/schema\/person\/0a7e6c9030a27b1258e4f12cb80b6c7c\",\"name\":\"Luis Costa Ferrer\",\"image\":{\"@type\":\"ImageObject\",\"inLanguage\":\"en-US\",\"@id\":\"https:\/\/www.agullovilaro.es\/#\/schema\/person\/image\/\",\"url\":\"https:\/\/secure.gravatar.com\/avatar\/63877a95658fa6c2017c508b4513e91d3d74036a35300a1c2fedeb47584d8c31?s=96&d=mm&r=g\",\"contentUrl\":\"https:\/\/secure.gravatar.com\/avatar\/63877a95658fa6c2017c508b4513e91d3d74036a35300a1c2fedeb47584d8c31?s=96&d=mm&r=g\",\"caption\":\"Luis Costa Ferrer\"}}]}<\/script>\n<!-- \/ Yoast SEO plugin. -->","yoast_head_json":{"title":"TODAY\u2019S HEALTH, SUMMER OF 2015, IT\u2019S ALREADY HERE!","description":"TODAY\u2019S HEALTH, SUMMER OF 2015, IT\u2019S ALREADY HERE!","robots":{"index":"index","follow":"follow","max-snippet":"max-snippet:-1","max-image-preview":"max-image-preview:large","max-video-preview":"max-video-preview:-1"},"canonical":"https:\/\/www.agullovilaro.es\/en\/salud-de-hoy-verano-2015-ya-esta-aqui\/","og_locale":"en_US","og_type":"article","og_title":"TODAY\u2019S HEALTH, SUMMER OF 2015, IT\u2019S ALREADY HERE!","og_description":"TODAY\u2019S HEALTH, SUMMER OF 2015, IT\u2019S ALREADY HERE!","og_url":"https:\/\/www.agullovilaro.es\/en\/salud-de-hoy-verano-2015-ya-esta-aqui\/","og_site_name":"Cl\u00ednica Odontol\u00f3gica Agull\u00f3 y Vilar\u00f3","article_published_time":"2015-08-14T09:12:19+00:00","article_modified_time":"2015-10-27T16:24:57+00:00","og_image":[{"width":623,"height":830,"url":"https:\/\/www.agullovilaro.es\/wp-content\/uploads\/2015\/08\/Salud-de-hoy-clinica-dental-agullo-y-vilaro.jpg","type":"image\/jpeg"}],"author":"Luis Costa Ferrer","twitter_card":"summary_large_image","twitter_misc":{"Written by":"Luis Costa Ferrer"},"schema":{"@context":"https:\/\/schema.org","@graph":[{"@type":"WebPage","@id":"https:\/\/www.agullovilaro.es\/en\/salud-de-hoy-verano-2015-ya-esta-aqui\/","url":"https:\/\/www.agullovilaro.es\/en\/salud-de-hoy-verano-2015-ya-esta-aqui\/","name":"TODAY\u2019S HEALTH, SUMMER OF 2015, IT\u2019S ALREADY HERE!","isPartOf":{"@id":"https:\/\/www.agullovilaro.es\/#website"},"primaryImageOfPage":{"@id":"https:\/\/www.agullovilaro.es\/en\/salud-de-hoy-verano-2015-ya-esta-aqui\/#primaryimage"},"image":{"@id":"https:\/\/www.agullovilaro.es\/en\/salud-de-hoy-verano-2015-ya-esta-aqui\/#primaryimage"},"thumbnailUrl":"https:\/\/www.agullovilaro.es\/wp-content\/uploads\/2015\/08\/Salud-de-hoy-clinica-dental-agullo-y-vilaro.jpg","datePublished":"2015-08-14T09:12:19+00:00","dateModified":"2015-10-27T16:24:57+00:00","author":{"@id":"https:\/\/www.agullovilaro.es\/#\/schema\/person\/0a7e6c9030a27b1258e4f12cb80b6c7c"},"description":"TODAY\u2019S HEALTH, SUMMER OF 2015, IT\u2019S ALREADY HERE!","breadcrumb":{"@id":"https:\/\/www.agullovilaro.es\/en\/salud-de-hoy-verano-2015-ya-esta-aqui\/#breadcrumb"},"inLanguage":"en-US","potentialAction":[{"@type":"ReadAction","target":["https:\/\/www.agullovilaro.es\/en\/salud-de-hoy-verano-2015-ya-esta-aqui\/"]}]},{"@type":"ImageObject","inLanguage":"en-US","@id":"https:\/\/www.agullovilaro.es\/en\/salud-de-hoy-verano-2015-ya-esta-aqui\/#primaryimage","url":"https:\/\/www.agullovilaro.es\/wp-content\/uploads\/2015\/08\/Salud-de-hoy-clinica-dental-agullo-y-vilaro.jpg","contentUrl":"https:\/\/www.agullovilaro.es\/wp-content\/uploads\/2015\/08\/Salud-de-hoy-clinica-dental-agullo-y-vilaro.jpg","width":623,"height":830},{"@type":"BreadcrumbList","@id":"https:\/\/www.agullovilaro.es\/en\/salud-de-hoy-verano-2015-ya-esta-aqui\/#breadcrumb","itemListElement":[{"@type":"ListItem","position":1,"name":"Portada","item":"https:\/\/www.agullovilaro.es\/en\/"},{"@type":"ListItem","position":2,"name":"TODAY\u2019S HEALTH, SUMMER OF 2015, IT\u2019S ALREADY HERE!"}]},{"@type":"WebSite","@id":"https:\/\/www.agullovilaro.es\/#website","url":"https:\/\/www.agullovilaro.es\/","name":"Cl\u00ednica Odontol\u00f3gica Agull\u00f3 y Vilar\u00f3","description":"","potentialAction":[{"@type":"SearchAction","target":{"@type":"EntryPoint","urlTemplate":"https:\/\/www.agullovilaro.es\/?s={search_term_string}"},"query-input":{"@type":"PropertyValueSpecification","valueRequired":true,"valueName":"search_term_string"}}],"inLanguage":"en-US"},{"@type":"Person","@id":"https:\/\/www.agullovilaro.es\/#\/schema\/person\/0a7e6c9030a27b1258e4f12cb80b6c7c","name":"Luis Costa Ferrer","image":{"@type":"ImageObject","inLanguage":"en-US","@id":"https:\/\/www.agullovilaro.es\/#\/schema\/person\/image\/","url":"https:\/\/secure.gravatar.com\/avatar\/63877a95658fa6c2017c508b4513e91d3d74036a35300a1c2fedeb47584d8c31?s=96&d=mm&r=g","contentUrl":"https:\/\/secure.gravatar.com\/avatar\/63877a95658fa6c2017c508b4513e91d3d74036a35300a1c2fedeb47584d8c31?s=96&d=mm&r=g","caption":"Luis Costa Ferrer"}}]}},"_links":{"self":[{"href":"https:\/\/www.agullovilaro.es\/en\/wp-json\/wp\/v2\/posts\/2927","targetHints":{"allow":["GET"]}}],"collection":[{"href":"https:\/\/www.agullovilaro.es\/en\/wp-json\/wp\/v2\/posts"}],"about":[{"href":"https:\/\/www.agullovilaro.es\/en\/wp-json\/wp\/v2\/types\/post"}],"author":[{"embeddable":true,"href":"https:\/\/www.agullovilaro.es\/en\/wp-json\/wp\/v2\/users\/7"}],"replies":[{"embeddable":true,"href":"https:\/\/www.agullovilaro.es\/en\/wp-json\/wp\/v2\/comments?post=2927"}],"version-history":[{"count":2,"href":"https:\/\/www.agullovilaro.es\/en\/wp-json\/wp\/v2\/posts\/2927\/revisions"}],"predecessor-version":[{"id":2930,"href":"https:\/\/www.agullovilaro.es\/en\/wp-json\/wp\/v2\/posts\/2927\/revisions\/2930"}],"wp:featuredmedia":[{"embeddable":true,"href":"https:\/\/www.agullovilaro.es\/en\/wp-json\/wp\/v2\/media\/2665"}],"wp:attachment":[{"href":"https:\/\/www.agullovilaro.es\/en\/wp-json\/wp\/v2\/media?parent=2927"}],"wp:term":[{"taxonomy":"category","embeddable":true,"href":"https:\/\/www.agullovilaro.es\/en\/wp-json\/wp\/v2\/categories?post=2927"},{"taxonomy":"post_tag","embeddable":true,"href":"https:\/\/www.agullovilaro.es\/en\/wp-json\/wp\/v2\/tags?post=2927"}],"curies":[{"name":"wp","href":"https:\/\/api.w.org\/{rel}","templated":true}]}}